{"id":3441,"date":"2017-03-22T15:23:32","date_gmt":"2017-03-22T14:23:32","guid":{"rendered":"https:\/\/camillamarks.com\/recolecta-de-lavanda-de-yl\/"},"modified":"2026-02-11T15:32:56","modified_gmt":"2026-02-11T14:32:56","slug":"raccolta-della-lavanda-a-yl","status":"publish","type":"post","link":"https:\/\/camillamarks.com\/it\/recolecta-de-lavanda-de-yl\/","title":{"rendered":"Raccolta di lavanda YL"},"content":{"rendered":"<p>Che emozione!!!!<\/p>\n<p>Ho appena ricevuto un&#039;email da Young Living per partecipare alla raccolta della lavanda in Francia a luglio!<\/p>\n<p style=\"text-align:center;\"><strong>Siamo lieti di annunciare che sono aperte le iscrizioni per la nostra celebrazione annuale della raccolta della lavanda. Unitevi a noi a luglio nella nostra splendida tenuta di Simiane-la-Rotonde in Francia e partecipate a <a href=\"http:\/\/www.seedtoseal.com\/es\" target=\"_blank\" rel=\"noopener noreferrer\">Dal seme al sigillo<\/a>\u00a0&quot;Il processo esclusivo di Young Living.&quot;<\/strong><\/p>\n<p>&nbsp;<\/p>\n<p>Saranno 5 giorni fantastici!!!!<\/p>\n<p><strong>Cosa si vive durante la Vendemmia a Simiane-la-Rotonde?<\/strong><\/p>\n<ul>\n<li>Pernottamento completo per 4 notti presso l&#039;Hotel Les Lavandins<\/li>\n<li>Colazione e cena ogni giorno e pranzo in loco<\/li>\n<li>Esperienze esclusive Seed to Seal\u00ae<\/li>\n<li>Impara metodi di piantagione collaudati e riconnettiti con uno stile di vita pi\u00f9 semplice e naturale<\/li>\n<li>Partecipa attivamente alla raccolta dei nostri campi di lavanda selvatica<\/li>\n<li>Visita la distilleria della fattoria e il mulino per grano diploide per vedere il processo Seed to Seal in azione<\/li>\n<li>Scopri un nuovo apprezzamento per l&#039;impegno di Young Living verso la qualit\u00e0 e l&#039;autenticit\u00e0<\/li>\n<li>Borsa di benvenuto con articoli essenziali del programma<\/li>\n<li>Fai nuove amicizie e crea ricordi duraturi<\/li>\n<\/ul>\n<div class=\"section sysheading\">\n<h5>Date: nel mese di luglio <strong>Ci sono 6 gruppi diversi, per vedere le date <a href=\"https:\/\/www.youngliving.com\/es_ES\/company\/events\/featured-events\/Lavender-Harvest-2017\" target=\"_blank\" rel=\"noopener noreferrer\">clicca qui<\/a><\/strong><\/h5>\n<\/div>\n<div class=\"section syslist\"><\/div>\n<table width=\"100%\">\n<tbody>\n<tr>\n<td>\n<table style=\"height:31px;\" width=\"365\">\n<tbody>\n<tr>\n<td>Non hai ancora il tuo Kit di Lusso con 11 fantastici oli essenziali e il diffusore?<\/p>\n<h3 style=\"text-align:center;\"><strong><a href=\"https:\/\/www.youngliving.com\/vo\/#\/signup\/new-start?sponsorid=1904280&amp;enrollerid=1904280&amp;isocountrycode=ES&amp;culture=es-ES&amp;type=member\" target=\"_blank\" rel=\"noopener noreferrer\">clicca qui<\/a> per iscriverti e ricevere il tuo fantastico kit!! <\/strong><\/h3>\n<\/td>\n<\/tr>\n<\/tbody>\n<\/table>\n<\/td>\n<\/tr>\n<\/tbody>\n<\/table>\n<table width=\"100%\">\n<tbody>\n<tr>\n<td>\n<table width=\"100%\">\n<tbody>\n<tr>\n<td>\n<h3 style=\"text-align:center;\"><strong>E per iscriverti e partecipare alla raccolta in Francia, clicca <a href=\"http:\/\/us7.campaign-archive2.com\/?u=b167109043ee2f3fd3f9d745e&amp;id=4e11bacd69&amp;e=ddead7408f\" target=\"_blank\" rel=\"noopener noreferrer\">Qui<\/a>!!!<\/strong><\/h3>\n<\/td>\n<\/tr>\n<\/tbody>\n<\/table>\n<\/td>\n<\/tr>\n<\/tbody>\n<\/table>\n<p>alcune foto del raccolto dell&#039;anno scorso!<\/p>\n\n<p style=\"text-align:center;\">Simiane-la-Rotonde, Provenza, Francia<\/p>\n<h2 style=\"text-align:center;\">Vuoi unirti a noi?<\/h2>\n<p>&nbsp;<\/p>\n<hr \/>\n<p style=\"text-align:center;\"><span class=\"color_23\"><span class=\"m_2323379664886834653Apple-style-span\"><b><i><img decoding=\"async\" class=\"emoji aligncenter\" src=\"https:\/\/camillamarks.com\/wp-content\/uploads\/2024\/09\/2764.svg\" alt=\"\u2764\" \/> AMO YOUNG LIVING <img decoding=\"async\" class=\"emoji aligncenter\" src=\"https:\/\/camillamarks.com\/wp-content\/uploads\/2024\/09\/2764.svg\" alt=\"\u2764\" \/><\/i><\/b><\/span><\/span><\/p>\n<p><strong>Importante:<\/strong> Questi utilizzi suggeriti per gli oli sono validi solo per gli oli di grado terapeutico del marchio Young Living Essential Oils.<\/p>\n<p><strong>Disclaimer:<\/strong> Le informazioni pubblicate hanno solo scopo didattico. Queste affermazioni non sono state valutate dalla Food and Drug Administration (FDA) degli Stati Uniti. Questi prodotti non sono destinati a diagnosticare, trattare, curare o prevenire alcuna malattia. Chiunque soffra di qualsiasi malattia o infortunio dovrebbe prima consultare il proprio medico.<b><i><\/i><\/b><\/p>\n<div id=\"comp-ir39fwvh_SinglePostMediaTop_MediaPost__0_0__type_MediaPost\" class=\"flex_vbox\">\n<div id=\"comp-ir39fwvh_SinglePostMediaTop_MediaPost__0_0_mediaText\" class=\"s16\">\n<div id=\"comp-ir39fwvh_SinglePostMediaTop_MediaPost__0_0_mediaTextrichTextContainer\" class=\"s16_richTextContainer s16richTextContainer\">\n<div id=\"WRchTxt0-frz\" class=\"s2\">\n<h4 class=\"font_4\"><span class=\"color_23\"><img decoding=\"async\" class=\"size-medium wp-image-78 alignleft\" src=\"https:\/\/camillamarks.files.wordpress.com\/2016\/10\/pagina-fb.jpg?w=300&amp;h=139\" alt=\"pagina fb\" width=\"300\" height=\"139\" \/><\/span><\/h4>\n<p><strong><em>Se lo desideri <a href=\"https:\/\/www.youngliving.com\/vo\/#\/signup\/new-start?sponsorid=1904280&amp;enrollerid=1904280&amp;isocountrycode=ES&amp;culture=es-ES&amp;type=member\">acquisire<\/a> i tuoi prodotti Young Living puoi aprire il tuo conto con uno sconto 24%<a href=\"https:\/\/www.youngliving.com\/vo\/#\/signup\/new-start?sponsorid=1904280&amp;enrollerid=1904280&amp;isocountrycode=ES&amp;culture=es-ES&amp;type=member\"> Qui<\/a><\/em><\/strong><\/p>\n<h4 class=\"font_4\">\u00a0<span class=\"color_23\"><span class=\"m_2323379664886834653Apple-style-span\"><b><i>Per visualizzare il catalogo Young Living<\/i><\/b><\/span> <\/span><strong><span class=\"color_23\"><a href=\"https:\/\/www.youngliving.com\/es_ES\/discover\/virtual-catalogue\" target=\"_blank\" rel=\"noopener noreferrer\">clicca qui <\/a><\/span><\/strong><span class=\"color_23\"><span class=\"m_2323379664886834653Apple-style-span\"><b><i>regalo<\/i><\/b><\/span><\/span><span class=\"color_23\"><span class=\"m_2323379664886834653Apple-style-span\"><b><i>puoi trovare informazioni sui diversi prodotti.<\/i><\/b><\/span><\/span><span class=\"color_23\"><br \/>\n<\/span><\/h4>\n<\/div>\n<div id=\"WRchTxt0-frz\" class=\"s2\">\n<h4 class=\"font_4\"><\/h4>\n<p class=\"font_8\"><strong><em><span class=\"color_15\">E se vuoi saperne di pi\u00f9 su come utilizzarlo<\/span><\/em><\/strong><strong><em><span class=\"color_15\">per gli oli essenziali<\/span><\/em><\/strong><strong><em><span class=\"color_15\">Per qualsiasi domanda o suggerimento sui prodotti e servizi Young Living non esitate a contattarmi via email: <\/span><\/em><\/strong><\/p>\n<p class=\"font_8\"><strong><em><span class=\"color_15\">camilla.marks@gmail.com oppure chiamami al 622 43 91 43.<\/span><\/em><\/strong><\/p>\n<\/div>\n<div id=\"WRchTxt0-frz\" class=\"s2\"><\/div>\n<div id=\"WRchTxt0-frz\" class=\"s2\">\n<p class=\"font_8\"><img decoding=\"async\" class=\"wp-image-178 aligncenter\" src=\"https:\/\/camillamarks.files.wordpress.com\/2016\/10\/yllogoid_es.jpg?w=257&amp;h=84\" alt=\"illogoide_es\" width=\"257\" height=\"84\" \/><\/p>\n<p style=\"text-align:center;\">BARELLA MARKS YL ID #1904280<\/p>\n<\/div>\n<\/div>\n<\/div>\n<\/div>\n<p><script>\/*54745756836*\/<\/script><\/p>","protected":false},"excerpt":{"rendered":"<p>Que Emoci\u00f3n!!!! Me acaba de llegar el email de Young Living para poder participar en la recolecta de la lavanda en Julio en Francia!!!!! &#8220;Estamos encantados de anunciar que la inscripci\u00f3n para la celebraci\u00f3n anual de la Recolecta de Lavanda ya est\u00e1 abierta. En julio \u00fanase a nosotros en nuestra hermosa plantaci\u00f3n de Simiane-la-Rotonde en [&hellip;]<\/p>\n","protected":false},"author":4,"featured_media":3398,"comment_status":"open","ping_status":"open","sticky":false,"template":"","format":"standard","meta":{"_joinchat":[],"footnotes":""},"categories":[30],"tags":[34,38,46,47,67,72,98,116],"class_list":["post-3441","post","type-post","status-publish","format-standard","has-post-thumbnail","hentry","category-blog","tag-aceites-esenciales","tag-aromaterapia","tag-camilla-marks","tag-camillamarks","tag-francia","tag-lavanda","tag-recolecta-lavanda","tag-young-living"],"yoast_head":"<!-- This site is optimized with the Yoast SEO plugin v27.4 - https:\/\/yoast.com\/product\/yoast-seo-wordpress\/ -->\n<title>Recolecta de Lavanda de YL - Camilla Marks<\/title>\n<meta name=\"description\" content=\"Que Emoci\u00f3n!!!! Me acaba de llegar el email de Young Living para poder participar en la recolecta de la lavanda en Julio en Francia!!!!! &quot;Estamos\" \/>\n<meta name=\"robots\" content=\"index, follow, max-snippet:-1, max-image-preview:large, max-video-preview:-1\" \/>\n<link rel=\"canonical\" href=\"https:\/\/camillamarks.com\/it\/raccolta-della-lavanda-a-yl\/\" \/>\n<meta property=\"og:locale\" content=\"it_IT\" \/>\n<meta property=\"og:type\" content=\"article\" \/>\n<meta property=\"og:title\" content=\"Recolecta de Lavanda de YL - Camilla Marks\" \/>\n<meta property=\"og:description\" content=\"Que Emoci\u00f3n!!!! Me acaba de llegar el email de Young Living para poder participar en la recolecta de la lavanda en Julio en Francia!!!!! &quot;Estamos\" \/>\n<meta property=\"og:url\" content=\"https:\/\/camillamarks.com\/it\/raccolta-della-lavanda-a-yl\/\" \/>\n<meta property=\"og:site_name\" content=\"Camilla Marks\" \/>\n<meta property=\"article:publisher\" content=\"https:\/\/facebook.com\/camiandjoy\/\" \/>\n<meta property=\"article:published_time\" content=\"2017-03-22T14:23:32+00:00\" \/>\n<meta property=\"article:modified_time\" content=\"2026-02-11T14:32:56+00:00\" \/>\n<meta name=\"author\" content=\"Camilla Marks\" \/>\n<meta name=\"twitter:card\" content=\"summary_large_image\" \/>\n<script type=\"application\/ld+json\" class=\"yoast-schema-graph\">{\"@context\":\"https:\\\/\\\/schema.org\",\"@graph\":[{\"@type\":\"Article\",\"@id\":\"https:\\\/\\\/camillamarks.com\\\/recolecta-de-lavanda-de-yl\\\/#article\",\"isPartOf\":{\"@id\":\"https:\\\/\\\/camillamarks.com\\\/recolecta-de-lavanda-de-yl\\\/\"},\"author\":{\"name\":\"Camilla Marks\",\"@id\":\"https:\\\/\\\/camillamarks.com\\\/#\\\/schema\\\/person\\\/8b7967303bcf9ad03df7ef182b453520\"},\"headline\":\"Recolecta de Lavanda de YL\",\"datePublished\":\"2017-03-22T14:23:32+00:00\",\"dateModified\":\"2026-02-11T14:32:56+00:00\",\"mainEntityOfPage\":{\"@id\":\"https:\\\/\\\/camillamarks.com\\\/recolecta-de-lavanda-de-yl\\\/\"},\"wordCount\":513,\"commentCount\":0,\"publisher\":{\"@id\":\"https:\\\/\\\/camillamarks.com\\\/#organization\"},\"image\":{\"@id\":\"https:\\\/\\\/camillamarks.com\\\/recolecta-de-lavanda-de-yl\\\/#primaryimage\"},\"thumbnailUrl\":\"\",\"keywords\":[\"aceites esenciales\",\"aromaterapia\",\"camilla marks\",\"camillamarks\",\"francia\",\"lavanda\",\"recolecta lavanda\",\"young living\"],\"articleSection\":[\"blog\"],\"inLanguage\":\"it-IT\"},{\"@type\":\"WebPage\",\"@id\":\"https:\\\/\\\/camillamarks.com\\\/recolecta-de-lavanda-de-yl\\\/\",\"url\":\"https:\\\/\\\/camillamarks.com\\\/recolecta-de-lavanda-de-yl\\\/\",\"name\":\"Recolecta de Lavanda de YL - Camilla Marks\",\"isPartOf\":{\"@id\":\"https:\\\/\\\/camillamarks.com\\\/#website\"},\"primaryImageOfPage\":{\"@id\":\"https:\\\/\\\/camillamarks.com\\\/recolecta-de-lavanda-de-yl\\\/#primaryimage\"},\"image\":{\"@id\":\"https:\\\/\\\/camillamarks.com\\\/recolecta-de-lavanda-de-yl\\\/#primaryimage\"},\"thumbnailUrl\":\"\",\"datePublished\":\"2017-03-22T14:23:32+00:00\",\"dateModified\":\"2026-02-11T14:32:56+00:00\",\"description\":\"Que Emoci\u00f3n!!!! Me acaba de llegar el email de Young Living para poder participar en la recolecta de la lavanda en Julio en Francia!!!!! \\\"Estamos\",\"breadcrumb\":{\"@id\":\"https:\\\/\\\/camillamarks.com\\\/recolecta-de-lavanda-de-yl\\\/#breadcrumb\"},\"inLanguage\":\"it-IT\",\"potentialAction\":[{\"@type\":\"ReadAction\",\"target\":[\"https:\\\/\\\/camillamarks.com\\\/recolecta-de-lavanda-de-yl\\\/\"]}]},{\"@type\":\"ImageObject\",\"inLanguage\":\"it-IT\",\"@id\":\"https:\\\/\\\/camillamarks.com\\\/recolecta-de-lavanda-de-yl\\\/#primaryimage\",\"url\":\"\",\"contentUrl\":\"\"},{\"@type\":\"BreadcrumbList\",\"@id\":\"https:\\\/\\\/camillamarks.com\\\/recolecta-de-lavanda-de-yl\\\/#breadcrumb\",\"itemListElement\":[{\"@type\":\"ListItem\",\"position\":1,\"name\":\"Inicio\",\"item\":\"https:\\\/\\\/camillamarks.com\\\/\"},{\"@type\":\"ListItem\",\"position\":2,\"name\":\"Recolecta de Lavanda de YL\"}]},{\"@type\":\"WebSite\",\"@id\":\"https:\\\/\\\/camillamarks.com\\\/#website\",\"url\":\"https:\\\/\\\/camillamarks.com\\\/\",\"name\":\"Camilla Marks\",\"description\":\"Comadrona, aromaterapia, educadora masaje infantil\",\"publisher\":{\"@id\":\"https:\\\/\\\/camillamarks.com\\\/#organization\"},\"potentialAction\":[{\"@type\":\"SearchAction\",\"target\":{\"@type\":\"EntryPoint\",\"urlTemplate\":\"https:\\\/\\\/camillamarks.com\\\/?s={search_term_string}\"},\"query-input\":{\"@type\":\"PropertyValueSpecification\",\"valueRequired\":true,\"valueName\":\"search_term_string\"}}],\"inLanguage\":\"it-IT\"},{\"@type\":\"Organization\",\"@id\":\"https:\\\/\\\/camillamarks.com\\\/#organization\",\"name\":\"Camilla Marks\",\"url\":\"https:\\\/\\\/camillamarks.com\\\/\",\"logo\":{\"@type\":\"ImageObject\",\"inLanguage\":\"it-IT\",\"@id\":\"https:\\\/\\\/camillamarks.com\\\/#\\\/schema\\\/logo\\\/image\\\/\",\"url\":\"https:\\\/\\\/camillamarks.com\\\/wp-content\\\/uploads\\\/2024\\\/09\\\/logo_camilla_marks.svg\",\"contentUrl\":\"https:\\\/\\\/camillamarks.com\\\/wp-content\\\/uploads\\\/2024\\\/09\\\/logo_camilla_marks.svg\",\"width\":1452,\"height\":1080,\"caption\":\"Camilla Marks\"},\"image\":{\"@id\":\"https:\\\/\\\/camillamarks.com\\\/#\\\/schema\\\/logo\\\/image\\\/\"},\"sameAs\":[\"https:\\\/\\\/facebook.com\\\/camiandjoy\\\/\",\"https:\\\/\\\/www.instagram.com\\\/marks.camilla\\\/\"]},{\"@type\":\"Person\",\"@id\":\"https:\\\/\\\/camillamarks.com\\\/#\\\/schema\\\/person\\\/8b7967303bcf9ad03df7ef182b453520\",\"name\":\"Camilla Marks\"}]}<\/script>\n<!-- \/ Yoast SEO plugin. -->","yoast_head_json":{"title":"Raccolta di lavanda YL - Camilla Marks","description":"Che emozione!!!! Ho appena ricevuto un&#039;email da Young Living per partecipare alla raccolta della lavanda in Francia a luglio!!!!! &quot;Siamo","robots":{"index":"index","follow":"follow","max-snippet":"max-snippet:-1","max-image-preview":"max-image-preview:large","max-video-preview":"max-video-preview:-1"},"canonical":"https:\/\/camillamarks.com\/it\/raccolta-della-lavanda-a-yl\/","og_locale":"it_IT","og_type":"article","og_title":"Recolecta de Lavanda de YL - Camilla Marks","og_description":"Que Emoci\u00f3n!!!! Me acaba de llegar el email de Young Living para poder participar en la recolecta de la lavanda en Julio en Francia!!!!! \"Estamos","og_url":"https:\/\/camillamarks.com\/it\/raccolta-della-lavanda-a-yl\/","og_site_name":"Camilla Marks","article_publisher":"https:\/\/facebook.com\/camiandjoy\/","article_published_time":"2017-03-22T14:23:32+00:00","article_modified_time":"2026-02-11T14:32:56+00:00","author":"Camilla Marks","twitter_card":"summary_large_image","schema":{"@context":"https:\/\/schema.org","@graph":[{"@type":"Article","@id":"https:\/\/camillamarks.com\/recolecta-de-lavanda-de-yl\/#article","isPartOf":{"@id":"https:\/\/camillamarks.com\/recolecta-de-lavanda-de-yl\/"},"author":{"name":"Camilla Marks","@id":"https:\/\/camillamarks.com\/#\/schema\/person\/8b7967303bcf9ad03df7ef182b453520"},"headline":"Recolecta de Lavanda de YL","datePublished":"2017-03-22T14:23:32+00:00","dateModified":"2026-02-11T14:32:56+00:00","mainEntityOfPage":{"@id":"https:\/\/camillamarks.com\/recolecta-de-lavanda-de-yl\/"},"wordCount":513,"commentCount":0,"publisher":{"@id":"https:\/\/camillamarks.com\/#organization"},"image":{"@id":"https:\/\/camillamarks.com\/recolecta-de-lavanda-de-yl\/#primaryimage"},"thumbnailUrl":"","keywords":["aceites esenciales","aromaterapia","camilla marks","camillamarks","francia","lavanda","recolecta lavanda","young living"],"articleSection":["blog"],"inLanguage":"it-IT"},{"@type":"WebPage","@id":"https:\/\/camillamarks.com\/recolecta-de-lavanda-de-yl\/","url":"https:\/\/camillamarks.com\/recolecta-de-lavanda-de-yl\/","name":"Raccolta di lavanda YL - Camilla Marks","isPartOf":{"@id":"https:\/\/camillamarks.com\/#website"},"primaryImageOfPage":{"@id":"https:\/\/camillamarks.com\/recolecta-de-lavanda-de-yl\/#primaryimage"},"image":{"@id":"https:\/\/camillamarks.com\/recolecta-de-lavanda-de-yl\/#primaryimage"},"thumbnailUrl":"","datePublished":"2017-03-22T14:23:32+00:00","dateModified":"2026-02-11T14:32:56+00:00","description":"Che emozione!!!! Ho appena ricevuto un&#039;email da Young Living per partecipare alla raccolta della lavanda in Francia a luglio!!!!! &quot;Siamo","breadcrumb":{"@id":"https:\/\/camillamarks.com\/recolecta-de-lavanda-de-yl\/#breadcrumb"},"inLanguage":"it-IT","potentialAction":[{"@type":"ReadAction","target":["https:\/\/camillamarks.com\/recolecta-de-lavanda-de-yl\/"]}]},{"@type":"ImageObject","inLanguage":"it-IT","@id":"https:\/\/camillamarks.com\/recolecta-de-lavanda-de-yl\/#primaryimage","url":"","contentUrl":""},{"@type":"BreadcrumbList","@id":"https:\/\/camillamarks.com\/recolecta-de-lavanda-de-yl\/#breadcrumb","itemListElement":[{"@type":"ListItem","position":1,"name":"Inicio","item":"https:\/\/camillamarks.com\/"},{"@type":"ListItem","position":2,"name":"Recolecta de Lavanda de YL"}]},{"@type":"WebSite","@id":"https:\/\/camillamarks.com\/#website","url":"https:\/\/camillamarks.com\/","name":"Camilla Marks","description":"Ostetrica, aromaterapia, educatrice al massaggio infantile","publisher":{"@id":"https:\/\/camillamarks.com\/#organization"},"potentialAction":[{"@type":"SearchAction","target":{"@type":"EntryPoint","urlTemplate":"https:\/\/camillamarks.com\/?s={search_term_string}"},"query-input":{"@type":"PropertyValueSpecification","valueRequired":true,"valueName":"search_term_string"}}],"inLanguage":"it-IT"},{"@type":"Organization","@id":"https:\/\/camillamarks.com\/#organization","name":"Camilla Marks","url":"https:\/\/camillamarks.com\/","logo":{"@type":"ImageObject","inLanguage":"it-IT","@id":"https:\/\/camillamarks.com\/#\/schema\/logo\/image\/","url":"https:\/\/camillamarks.com\/wp-content\/uploads\/2024\/09\/logo_camilla_marks.svg","contentUrl":"https:\/\/camillamarks.com\/wp-content\/uploads\/2024\/09\/logo_camilla_marks.svg","width":1452,"height":1080,"caption":"Camilla Marks"},"image":{"@id":"https:\/\/camillamarks.com\/#\/schema\/logo\/image\/"},"sameAs":["https:\/\/facebook.com\/camiandjoy\/","https:\/\/www.instagram.com\/marks.camilla\/"]},{"@type":"Person","@id":"https:\/\/camillamarks.com\/#\/schema\/person\/8b7967303bcf9ad03df7ef182b453520","name":"Camilla Marks"}]}},"_links":{"self":[{"href":"https:\/\/camillamarks.com\/it\/wp-json\/wp\/v2\/posts\/3441","targetHints":{"allow":["GET"]}}],"collection":[{"href":"https:\/\/camillamarks.com\/it\/wp-json\/wp\/v2\/posts"}],"about":[{"href":"https:\/\/camillamarks.com\/it\/wp-json\/wp\/v2\/types\/post"}],"author":[{"embeddable":true,"href":"https:\/\/camillamarks.com\/it\/wp-json\/wp\/v2\/users\/4"}],"replies":[{"embeddable":true,"href":"https:\/\/camillamarks.com\/it\/wp-json\/wp\/v2\/comments?post=3441"}],"version-history":[{"count":2,"href":"https:\/\/camillamarks.com\/it\/wp-json\/wp\/v2\/posts\/3441\/revisions"}],"predecessor-version":[{"id":3443,"href":"https:\/\/camillamarks.com\/it\/wp-json\/wp\/v2\/posts\/3441\/revisions\/3443"}],"wp:featuredmedia":[{"embeddable":true,"href":"https:\/\/camillamarks.com\/it\/wp-json\/wp\/v2\/media\/3398"}],"wp:attachment":[{"href":"https:\/\/camillamarks.com\/it\/wp-json\/wp\/v2\/media?parent=3441"}],"wp:term":[{"taxonomy":"category","embeddable":true,"href":"https:\/\/camillamarks.com\/it\/wp-json\/wp\/v2\/categories?post=3441"},{"taxonomy":"post_tag","embeddable":true,"href":"https:\/\/camillamarks.com\/it\/wp-json\/wp\/v2\/tags?post=3441"}],"curies":[{"name":"wp","href":"https:\/\/api.w.org\/{rel}","templated":true}]}}