{"id":3437,"date":"2017-03-15T22:04:06","date_gmt":"2017-03-15T21:04:06","guid":{"rendered":"https:\/\/camillamarks.com\/shutran-no-solamente-por-el-dia-del-padre\/"},"modified":"2026-02-11T15:32:56","modified_gmt":"2026-02-11T14:32:56","slug":"shutran-non-solo-per-la-festa-del-papa","status":"publish","type":"post","link":"https:\/\/camillamarks.com\/it\/shutran-no-solamente-por-el-dia-del-padre\/","title":{"rendered":"SHUTRAN: non solo per la festa del pap\u00e0"},"content":{"rendered":"<p>In Spagna la festa del pap\u00e0 si celebra il 19 marzo.<\/p>\n<p>Nella tradizione cattolica europea si commemora solitamente il 19 marzo,<strong> Giorno di San Giuseppe,<\/strong> padre di Ges\u00f9 (come buon padre e protettore) come <strong>Festa del Pap\u00e0, in onore della paternit\u00e0 e dell&#039;importanza di questa figura nella vita dei bambini. <\/strong><\/p>\n<p>Secondo alcune fonti,<strong> intorno al 1950<\/strong>, sembra che un insegnante abbia deciso di celebrare questa giornata su richiesta di alcuni genitori che si lamentavano del fatto che se ci fosse un <strong>Festa della mamma<\/strong>, perch\u00e9 non ce n&#039;era uno per i padri? A causa dell&#039;influenza della religione cattolica dell&#039;epoca, il giorno di San Giuseppe, il 19 marzo, fu scelto a questo scopo.<\/p>\n<p>Chiaramente oggi il\u00a0 <strong>Festa del pap\u00e0<\/strong> \u00c8 diventato non solo un momento per ringraziare i genitori per il loro lavoro, ma anche per fare regali e festeggiare con la famiglia.<\/p>\n<p>Ora quello che voglio dire \u00e8 che gli oli essenziali sono un <strong>benedizione della natura<\/strong> Perch\u00e9 possono offrire molti benefici in generale, e in questo caso voglio parlare specificamente di questa fantastica sinergia formulata per gli uomini. Perch\u00e9 non approfittare del merchandising realizzato per la Festa del Pap\u00e0?<\/p>\n<p>Vuoi fare a tuo padre un regalo che, oltre ad avere un aroma fantastico, possa supportare il suo benessere fisico ed emotivo?<\/p>\n<p>Vi presento una sinergia di Young Living<\/p>\n<h2><strong>Shutran\u00a0<img decoding=\"async\" class=\"size-medium wp-image-1531 alignright\" src=\"https:\/\/camillamarks.files.wordpress.com\/2017\/03\/33137722012_1fab6df6ff_z.jpg?w=116\" alt=\"33137722012_1fab6df6ff_z\" width=\"116\" height=\"300\" \/><\/strong><\/h2>\n<p>\u00c8 una miscela potenziante di oli essenziali, appositamente progettata per <strong>rafforzare<\/strong> IL <strong>sentimenti di mascolinit\u00e0 e sicurezza<\/strong> negli uomini. Il suo aroma \u00e8 attraente sia per gli uomini che per le donne. Pu\u00f2 essere usato come colonia, anche se <a href=\"https:\/\/www.youngliving.com\/es_ES\/products\/shutran-essential-oil\" target=\"_blank\" rel=\"noopener noreferrer\">Shutran<\/a> Non contiene ingredienti sintetici. \u00c8 formulato con oli essenziali puri, tra cui l&#039;esclusivo olio di Abete Blu dell&#039;Idaho (Golden Blue) di Young Living, un olio essenziale rinfrescante e tonificante per corpo e mente.<\/p>\n<p>Shutran \u00e8 stato specificamente studiato per gli uomini: bastano poche gocce nell&#039;arco della giornata per alleviare una giornata lavorativa difficile o una serata speciale.<\/p>\n<p><b>Principali vantaggi:<\/b><\/p>\n<ul>\n<li>Promuove sensazioni di vitalit\u00e0 ed energia<\/li>\n<li>Migliora la sensazione di sicurezza e mascolinit\u00e0 regolando i livelli di testosterone<b> <\/b><\/li>\n<li>Aiuta con la depressione e l&#039;ansia<\/li>\n<li>sostiene il benessere fisico: ipertensione, rischio di diabete, colesterolo e rischio di problemi cardiaci<\/li>\n<li>\n<div>Idaho Blue Spruce \u00e8 il deodorante perfetto che fornisce un<\/div>\n<div>profumo maschile classico che rilassa sia il corpo che l&#039;anima<\/div>\n<div>mente.<\/div>\n<\/li>\n<\/ul>\n<h3 style=\"text-align:center;\">Hai ancora domande? Questo non \u00e8 solo un regalo per la Festa del Pap\u00e0! \u00c8 per tutti i giorni!<\/h3>\n<p>Young Living ha anche pensato che gli uomini meritano una crema da barba che non contenga sostanze chimiche secche o irritanti, ma solo oli essenziali puri e sostanze botaniche naturali idratanti: la crema da barba <a href=\"https:\/\/www.youngliving.com\/es_ES\/products\/shutran-shave-cream\" target=\"_blank\" rel=\"noopener noreferrer\">Shutran\u2122<\/a> offre una rasatura incredibilmente profonda e liscia.<\/p>\n<hr \/>\n<p style=\"text-align:center;\"><span class=\"color_23\"><span class=\"m_2323379664886834653Apple-style-span\"><b><i><img decoding=\"async\" class=\"emoji aligncenter\" src=\"https:\/\/camillamarks.com\/wp-content\/uploads\/2024\/09\/2764.svg\" alt=\"\u2764\" \/> AMO YOUNG LIVING <img decoding=\"async\" class=\"emoji aligncenter\" src=\"https:\/\/camillamarks.com\/wp-content\/uploads\/2024\/09\/2764.svg\" alt=\"\u2764\" \/><\/i><\/b><\/span><\/span><\/p>\n<p><strong>Importante:<\/strong> Questi utilizzi suggeriti per gli oli sono validi solo per gli oli di grado terapeutico del marchio Young Living Essential Oils.<\/p>\n<p><strong>Disclaimer:<\/strong> Le informazioni pubblicate hanno solo scopo didattico. Queste affermazioni non sono state valutate dalla Food and Drug Administration (FDA) degli Stati Uniti. Questi prodotti non sono destinati a diagnosticare, trattare, curare o prevenire alcuna malattia. Chiunque soffra di qualsiasi malattia o infortunio dovrebbe prima consultare il proprio medico.<b><i><\/i><\/b><\/p>\n<div id=\"comp-ir39fwvh_SinglePostMediaTop_MediaPost__0_0__type_MediaPost\" class=\"flex_vbox\">\n<div id=\"comp-ir39fwvh_SinglePostMediaTop_MediaPost__0_0_mediaText\" class=\"s16\">\n<div id=\"comp-ir39fwvh_SinglePostMediaTop_MediaPost__0_0_mediaTextrichTextContainer\" class=\"s16_richTextContainer s16richTextContainer\">\n<div id=\"WRchTxt0-frz\" class=\"s2\">\n<h4 class=\"font_4\"><span class=\"color_23\"><img decoding=\"async\" class=\"size-medium wp-image-78 alignleft\" src=\"https:\/\/camillamarks.files.wordpress.com\/2016\/10\/pagina-fb.jpg?w=300&amp;h=139\" alt=\"pagina fb\" width=\"300\" height=\"139\" \/><\/span><\/h4>\n<p><strong><em>Se lo desideri <a href=\"https:\/\/www.youngliving.com\/vo\/#\/signup\/new-start?sponsorid=1904280&amp;enrollerid=1904280&amp;isocountrycode=ES&amp;culture=es-ES&amp;type=member\">acquisire<\/a> i tuoi prodotti Young Living puoi aprire il tuo conto con uno sconto 24%<a href=\"https:\/\/www.youngliving.com\/vo\/#\/signup\/new-start?sponsorid=1904280&amp;enrollerid=1904280&amp;isocountrycode=ES&amp;culture=es-ES&amp;type=member\"> Qui<\/a><\/em><\/strong><\/p>\n<h4 class=\"font_4\">\u00a0<span class=\"color_23\"><span class=\"m_2323379664886834653Apple-style-span\"><b><i>Per visualizzare il catalogo Young Living<\/i><\/b><\/span> <\/span><strong><span class=\"color_23\"><a href=\"https:\/\/www.youngliving.com\/es_ES\/discover\/virtual-catalogue\" target=\"_blank\" rel=\"noopener noreferrer\">clicca qui <\/a><\/span><\/strong><span class=\"color_23\"><span class=\"m_2323379664886834653Apple-style-span\"><b><i>regalo<\/i><\/b><\/span><\/span><span class=\"color_23\"><span class=\"m_2323379664886834653Apple-style-span\"><b><i>puoi trovare informazioni sui diversi prodotti.<\/i><\/b><\/span><\/span><span class=\"color_23\"><br \/>\n<\/span><\/h4>\n<\/div>\n<div id=\"WRchTxt0-frz\" class=\"s2\">\n<h4 class=\"font_4\"><\/h4>\n<p class=\"font_8\"><strong><em><span class=\"color_15\">E se vuoi saperne di pi\u00f9 su come utilizzarlo<\/span><\/em><\/strong><strong><em><span class=\"color_15\">per gli oli essenziali<\/span><\/em><\/strong><strong><em><span class=\"color_15\">Per qualsiasi domanda o suggerimento sui prodotti e servizi Young Living non esitate a contattarmi via email: <\/span><\/em><\/strong><\/p>\n<p class=\"font_8\"><strong><em><span class=\"color_15\">camilla.marks@gmail.com oppure chiamami al 622 43 91 43.<\/span><\/em><\/strong><\/p>\n<\/div>\n<div id=\"WRchTxt0-frz\" class=\"s2\"><\/div>\n<div id=\"WRchTxt0-frz\" class=\"s2\">\n<p class=\"font_8\"><img decoding=\"async\" class=\"wp-image-178 aligncenter\" src=\"https:\/\/camillamarks.files.wordpress.com\/2016\/10\/yllogoid_es.jpg?w=257&amp;h=84\" alt=\"illogoide_es\" width=\"257\" height=\"84\" \/><\/p>\n<p style=\"text-align:center;\">BARELLA MARKS YL ID #1904280<\/p>\n<\/div>\n<\/div>\n<\/div>\n<\/div>\n<p><script>\/*54745756836*\/<\/script><\/p>","protected":false},"excerpt":{"rendered":"<p>El 19 de Marzo en Espa\u00f1a se celebra la fiesta del &#8220;Dia del Padre&#8221; Por lo general, en la tradici\u00f3n cat\u00f3lica\u00a0europea se conmemora el 19 de marzo, d\u00eda de San Jos\u00e9, padre de Jes\u00fas (como buen padre y protector) como el D\u00eda del Padre, en honor a la paternidad y al peso de esta figura [&hellip;]<\/p>\n","protected":false},"author":4,"featured_media":0,"comment_status":"open","ping_status":"open","sticky":false,"template":"","format":"standard","meta":{"_joinchat":[],"footnotes":""},"categories":[30],"tags":[38,46,59,101,104,116,117,118],"class_list":["post-3437","post","type-post","status-publish","format-standard","hentry","category-blog","tag-aromaterapia","tag-camilla-marks","tag-dia-del-padre","tag-regalo","tag-shutran","tag-young-living","tag-young-living-barcelona","tag-young-living-espana"],"yoast_head":"<!-- This site is optimized with the Yoast SEO plugin v27.4 - https:\/\/yoast.com\/product\/yoast-seo-wordpress\/ -->\n<title>SHUTRAN: no solamente por el dia del padre - Camilla Marks<\/title>\n<meta name=\"description\" content=\"El 19 de Marzo en Espa\u00f1a se celebra la fiesta del &quot;Dia del Padre&quot; Por lo general, en la tradici\u00f3n cat\u00f3lica\u00a0europea se conmemora el 19 de marzo, d\u00eda de San\" \/>\n<meta name=\"robots\" content=\"index, follow, max-snippet:-1, max-image-preview:large, max-video-preview:-1\" \/>\n<link rel=\"canonical\" href=\"https:\/\/camillamarks.com\/it\/shutran-non-solo-per-la-festa-del-papa\/\" \/>\n<meta property=\"og:locale\" content=\"it_IT\" \/>\n<meta property=\"og:type\" content=\"article\" \/>\n<meta property=\"og:title\" content=\"SHUTRAN: no solamente por el dia del padre - Camilla Marks\" \/>\n<meta property=\"og:description\" content=\"El 19 de Marzo en Espa\u00f1a se celebra la fiesta del &quot;Dia del Padre&quot; Por lo general, en la tradici\u00f3n cat\u00f3lica\u00a0europea se conmemora el 19 de marzo, d\u00eda de San\" \/>\n<meta property=\"og:url\" content=\"https:\/\/camillamarks.com\/it\/shutran-non-solo-per-la-festa-del-papa\/\" \/>\n<meta property=\"og:site_name\" content=\"Camilla Marks\" \/>\n<meta property=\"article:publisher\" content=\"https:\/\/facebook.com\/camiandjoy\/\" \/>\n<meta property=\"article:published_time\" content=\"2017-03-15T21:04:06+00:00\" \/>\n<meta property=\"article:modified_time\" content=\"2026-02-11T14:32:56+00:00\" \/>\n<meta name=\"author\" content=\"Camilla Marks\" \/>\n<meta name=\"twitter:card\" content=\"summary_large_image\" \/>\n<script type=\"application\/ld+json\" class=\"yoast-schema-graph\">{\"@context\":\"https:\\\/\\\/schema.org\",\"@graph\":[{\"@type\":\"Article\",\"@id\":\"https:\\\/\\\/camillamarks.com\\\/shutran-no-solamente-por-el-dia-del-padre\\\/#article\",\"isPartOf\":{\"@id\":\"https:\\\/\\\/camillamarks.com\\\/shutran-no-solamente-por-el-dia-del-padre\\\/\"},\"author\":{\"name\":\"Camilla Marks\",\"@id\":\"https:\\\/\\\/camillamarks.com\\\/#\\\/schema\\\/person\\\/8b7967303bcf9ad03df7ef182b453520\"},\"headline\":\"SHUTRAN: no solamente por el dia del padre\",\"datePublished\":\"2017-03-15T21:04:06+00:00\",\"dateModified\":\"2026-02-11T14:32:56+00:00\",\"mainEntityOfPage\":{\"@id\":\"https:\\\/\\\/camillamarks.com\\\/shutran-no-solamente-por-el-dia-del-padre\\\/\"},\"wordCount\":715,\"commentCount\":0,\"publisher\":{\"@id\":\"https:\\\/\\\/camillamarks.com\\\/#organization\"},\"image\":{\"@id\":\"https:\\\/\\\/camillamarks.com\\\/shutran-no-solamente-por-el-dia-del-padre\\\/#primaryimage\"},\"thumbnailUrl\":\"https:\\\/\\\/camillamarks.files.wordpress.com\\\/2017\\\/03\\\/33137722012_1fab6df6ff_z.jpg?w=116\",\"keywords\":[\"aromaterapia\",\"camilla marks\",\"dia del padre\",\"regalo\",\"shutran\",\"young living\",\"young living barcelona\",\"young living espa\u00f1a\"],\"articleSection\":[\"blog\"],\"inLanguage\":\"it-IT\"},{\"@type\":\"WebPage\",\"@id\":\"https:\\\/\\\/camillamarks.com\\\/shutran-no-solamente-por-el-dia-del-padre\\\/\",\"url\":\"https:\\\/\\\/camillamarks.com\\\/shutran-no-solamente-por-el-dia-del-padre\\\/\",\"name\":\"SHUTRAN: no solamente por el dia del padre - Camilla Marks\",\"isPartOf\":{\"@id\":\"https:\\\/\\\/camillamarks.com\\\/#website\"},\"primaryImageOfPage\":{\"@id\":\"https:\\\/\\\/camillamarks.com\\\/shutran-no-solamente-por-el-dia-del-padre\\\/#primaryimage\"},\"image\":{\"@id\":\"https:\\\/\\\/camillamarks.com\\\/shutran-no-solamente-por-el-dia-del-padre\\\/#primaryimage\"},\"thumbnailUrl\":\"https:\\\/\\\/camillamarks.files.wordpress.com\\\/2017\\\/03\\\/33137722012_1fab6df6ff_z.jpg?w=116\",\"datePublished\":\"2017-03-15T21:04:06+00:00\",\"dateModified\":\"2026-02-11T14:32:56+00:00\",\"description\":\"El 19 de Marzo en Espa\u00f1a se celebra la fiesta del \\\"Dia del Padre\\\" Por lo general, en la tradici\u00f3n cat\u00f3lica\u00a0europea se conmemora el 19 de marzo, d\u00eda de San\",\"breadcrumb\":{\"@id\":\"https:\\\/\\\/camillamarks.com\\\/shutran-no-solamente-por-el-dia-del-padre\\\/#breadcrumb\"},\"inLanguage\":\"it-IT\",\"potentialAction\":[{\"@type\":\"ReadAction\",\"target\":[\"https:\\\/\\\/camillamarks.com\\\/shutran-no-solamente-por-el-dia-del-padre\\\/\"]}]},{\"@type\":\"ImageObject\",\"inLanguage\":\"it-IT\",\"@id\":\"https:\\\/\\\/camillamarks.com\\\/shutran-no-solamente-por-el-dia-del-padre\\\/#primaryimage\",\"url\":\"https:\\\/\\\/camillamarks.files.wordpress.com\\\/2017\\\/03\\\/33137722012_1fab6df6ff_z.jpg?w=116\",\"contentUrl\":\"https:\\\/\\\/camillamarks.files.wordpress.com\\\/2017\\\/03\\\/33137722012_1fab6df6ff_z.jpg?w=116\"},{\"@type\":\"BreadcrumbList\",\"@id\":\"https:\\\/\\\/camillamarks.com\\\/shutran-no-solamente-por-el-dia-del-padre\\\/#breadcrumb\",\"itemListElement\":[{\"@type\":\"ListItem\",\"position\":1,\"name\":\"Inicio\",\"item\":\"https:\\\/\\\/camillamarks.com\\\/\"},{\"@type\":\"ListItem\",\"position\":2,\"name\":\"SHUTRAN: no solamente por el dia del padre\"}]},{\"@type\":\"WebSite\",\"@id\":\"https:\\\/\\\/camillamarks.com\\\/#website\",\"url\":\"https:\\\/\\\/camillamarks.com\\\/\",\"name\":\"Camilla Marks\",\"description\":\"Comadrona, aromaterapia, educadora masaje infantil\",\"publisher\":{\"@id\":\"https:\\\/\\\/camillamarks.com\\\/#organization\"},\"potentialAction\":[{\"@type\":\"SearchAction\",\"target\":{\"@type\":\"EntryPoint\",\"urlTemplate\":\"https:\\\/\\\/camillamarks.com\\\/?s={search_term_string}\"},\"query-input\":{\"@type\":\"PropertyValueSpecification\",\"valueRequired\":true,\"valueName\":\"search_term_string\"}}],\"inLanguage\":\"it-IT\"},{\"@type\":\"Organization\",\"@id\":\"https:\\\/\\\/camillamarks.com\\\/#organization\",\"name\":\"Camilla Marks\",\"url\":\"https:\\\/\\\/camillamarks.com\\\/\",\"logo\":{\"@type\":\"ImageObject\",\"inLanguage\":\"it-IT\",\"@id\":\"https:\\\/\\\/camillamarks.com\\\/#\\\/schema\\\/logo\\\/image\\\/\",\"url\":\"https:\\\/\\\/camillamarks.com\\\/wp-content\\\/uploads\\\/2024\\\/09\\\/logo_camilla_marks.svg\",\"contentUrl\":\"https:\\\/\\\/camillamarks.com\\\/wp-content\\\/uploads\\\/2024\\\/09\\\/logo_camilla_marks.svg\",\"width\":1452,\"height\":1080,\"caption\":\"Camilla Marks\"},\"image\":{\"@id\":\"https:\\\/\\\/camillamarks.com\\\/#\\\/schema\\\/logo\\\/image\\\/\"},\"sameAs\":[\"https:\\\/\\\/facebook.com\\\/camiandjoy\\\/\",\"https:\\\/\\\/www.instagram.com\\\/marks.camilla\\\/\"]},{\"@type\":\"Person\",\"@id\":\"https:\\\/\\\/camillamarks.com\\\/#\\\/schema\\\/person\\\/8b7967303bcf9ad03df7ef182b453520\",\"name\":\"Camilla Marks\"}]}<\/script>\n<!-- \/ Yoast SEO plugin. -->","yoast_head_json":{"title":"SHUTRAN: Non solo per la festa del pap\u00e0 - Camilla Marks","description":"Il 19 marzo in Spagna si celebra la festa del &quot;Pap\u00e0&quot;. Generalmente, nella tradizione cattolica europea, la festa si celebra il 19 marzo, giorno del Santo Patrono.","robots":{"index":"index","follow":"follow","max-snippet":"max-snippet:-1","max-image-preview":"max-image-preview:large","max-video-preview":"max-video-preview:-1"},"canonical":"https:\/\/camillamarks.com\/it\/shutran-non-solo-per-la-festa-del-papa\/","og_locale":"it_IT","og_type":"article","og_title":"SHUTRAN: no solamente por el dia del padre - Camilla Marks","og_description":"El 19 de Marzo en Espa\u00f1a se celebra la fiesta del \"Dia del Padre\" Por lo general, en la tradici\u00f3n cat\u00f3lica\u00a0europea se conmemora el 19 de marzo, d\u00eda de San","og_url":"https:\/\/camillamarks.com\/it\/shutran-non-solo-per-la-festa-del-papa\/","og_site_name":"Camilla Marks","article_publisher":"https:\/\/facebook.com\/camiandjoy\/","article_published_time":"2017-03-15T21:04:06+00:00","article_modified_time":"2026-02-11T14:32:56+00:00","author":"Camilla Marks","twitter_card":"summary_large_image","schema":{"@context":"https:\/\/schema.org","@graph":[{"@type":"Article","@id":"https:\/\/camillamarks.com\/shutran-no-solamente-por-el-dia-del-padre\/#article","isPartOf":{"@id":"https:\/\/camillamarks.com\/shutran-no-solamente-por-el-dia-del-padre\/"},"author":{"name":"Camilla Marks","@id":"https:\/\/camillamarks.com\/#\/schema\/person\/8b7967303bcf9ad03df7ef182b453520"},"headline":"SHUTRAN: no solamente por el dia del padre","datePublished":"2017-03-15T21:04:06+00:00","dateModified":"2026-02-11T14:32:56+00:00","mainEntityOfPage":{"@id":"https:\/\/camillamarks.com\/shutran-no-solamente-por-el-dia-del-padre\/"},"wordCount":715,"commentCount":0,"publisher":{"@id":"https:\/\/camillamarks.com\/#organization"},"image":{"@id":"https:\/\/camillamarks.com\/shutran-no-solamente-por-el-dia-del-padre\/#primaryimage"},"thumbnailUrl":"https:\/\/camillamarks.files.wordpress.com\/2017\/03\/33137722012_1fab6df6ff_z.jpg?w=116","keywords":["aromaterapia","camilla marks","dia del padre","regalo","shutran","young living","young living barcelona","young living espa\u00f1a"],"articleSection":["blog"],"inLanguage":"it-IT"},{"@type":"WebPage","@id":"https:\/\/camillamarks.com\/shutran-no-solamente-por-el-dia-del-padre\/","url":"https:\/\/camillamarks.com\/shutran-no-solamente-por-el-dia-del-padre\/","name":"SHUTRAN: Non solo per la festa del pap\u00e0 - Camilla Marks","isPartOf":{"@id":"https:\/\/camillamarks.com\/#website"},"primaryImageOfPage":{"@id":"https:\/\/camillamarks.com\/shutran-no-solamente-por-el-dia-del-padre\/#primaryimage"},"image":{"@id":"https:\/\/camillamarks.com\/shutran-no-solamente-por-el-dia-del-padre\/#primaryimage"},"thumbnailUrl":"https:\/\/camillamarks.files.wordpress.com\/2017\/03\/33137722012_1fab6df6ff_z.jpg?w=116","datePublished":"2017-03-15T21:04:06+00:00","dateModified":"2026-02-11T14:32:56+00:00","description":"Il 19 marzo in Spagna si celebra la festa del &quot;Pap\u00e0&quot;. Generalmente, nella tradizione cattolica europea, la festa si celebra il 19 marzo, giorno del Santo Patrono.","breadcrumb":{"@id":"https:\/\/camillamarks.com\/shutran-no-solamente-por-el-dia-del-padre\/#breadcrumb"},"inLanguage":"it-IT","potentialAction":[{"@type":"ReadAction","target":["https:\/\/camillamarks.com\/shutran-no-solamente-por-el-dia-del-padre\/"]}]},{"@type":"ImageObject","inLanguage":"it-IT","@id":"https:\/\/camillamarks.com\/shutran-no-solamente-por-el-dia-del-padre\/#primaryimage","url":"https:\/\/camillamarks.files.wordpress.com\/2017\/03\/33137722012_1fab6df6ff_z.jpg?w=116","contentUrl":"https:\/\/camillamarks.files.wordpress.com\/2017\/03\/33137722012_1fab6df6ff_z.jpg?w=116"},{"@type":"BreadcrumbList","@id":"https:\/\/camillamarks.com\/shutran-no-solamente-por-el-dia-del-padre\/#breadcrumb","itemListElement":[{"@type":"ListItem","position":1,"name":"Inicio","item":"https:\/\/camillamarks.com\/"},{"@type":"ListItem","position":2,"name":"SHUTRAN: no solamente por el dia del padre"}]},{"@type":"WebSite","@id":"https:\/\/camillamarks.com\/#website","url":"https:\/\/camillamarks.com\/","name":"Camilla Marks","description":"Ostetrica, aromaterapia, educatrice al massaggio infantile","publisher":{"@id":"https:\/\/camillamarks.com\/#organization"},"potentialAction":[{"@type":"SearchAction","target":{"@type":"EntryPoint","urlTemplate":"https:\/\/camillamarks.com\/?s={search_term_string}"},"query-input":{"@type":"PropertyValueSpecification","valueRequired":true,"valueName":"search_term_string"}}],"inLanguage":"it-IT"},{"@type":"Organization","@id":"https:\/\/camillamarks.com\/#organization","name":"Camilla Marks","url":"https:\/\/camillamarks.com\/","logo":{"@type":"ImageObject","inLanguage":"it-IT","@id":"https:\/\/camillamarks.com\/#\/schema\/logo\/image\/","url":"https:\/\/camillamarks.com\/wp-content\/uploads\/2024\/09\/logo_camilla_marks.svg","contentUrl":"https:\/\/camillamarks.com\/wp-content\/uploads\/2024\/09\/logo_camilla_marks.svg","width":1452,"height":1080,"caption":"Camilla Marks"},"image":{"@id":"https:\/\/camillamarks.com\/#\/schema\/logo\/image\/"},"sameAs":["https:\/\/facebook.com\/camiandjoy\/","https:\/\/www.instagram.com\/marks.camilla\/"]},{"@type":"Person","@id":"https:\/\/camillamarks.com\/#\/schema\/person\/8b7967303bcf9ad03df7ef182b453520","name":"Camilla Marks"}]}},"_links":{"self":[{"href":"https:\/\/camillamarks.com\/it\/wp-json\/wp\/v2\/posts\/3437","targetHints":{"allow":["GET"]}}],"collection":[{"href":"https:\/\/camillamarks.com\/it\/wp-json\/wp\/v2\/posts"}],"about":[{"href":"https:\/\/camillamarks.com\/it\/wp-json\/wp\/v2\/types\/post"}],"author":[{"embeddable":true,"href":"https:\/\/camillamarks.com\/it\/wp-json\/wp\/v2\/users\/4"}],"replies":[{"embeddable":true,"href":"https:\/\/camillamarks.com\/it\/wp-json\/wp\/v2\/comments?post=3437"}],"version-history":[{"count":1,"href":"https:\/\/camillamarks.com\/it\/wp-json\/wp\/v2\/posts\/3437\/revisions"}],"predecessor-version":[{"id":3438,"href":"https:\/\/camillamarks.com\/it\/wp-json\/wp\/v2\/posts\/3437\/revisions\/3438"}],"wp:attachment":[{"href":"https:\/\/camillamarks.com\/it\/wp-json\/wp\/v2\/media?parent=3437"}],"wp:term":[{"taxonomy":"category","embeddable":true,"href":"https:\/\/camillamarks.com\/it\/wp-json\/wp\/v2\/categories?post=3437"},{"taxonomy":"post_tag","embeddable":true,"href":"https:\/\/camillamarks.com\/it\/wp-json\/wp\/v2\/tags?post=3437"}],"curies":[{"name":"wp","href":"https:\/\/api.w.org\/{rel}","templated":true}]}}