{"id":3408,"date":"2017-02-09T08:30:29","date_gmt":"2017-02-09T07:30:29","guid":{"rendered":"https:\/\/camillamarks.com\/lavanda-el-mas-versatil\/"},"modified":"2026-02-11T15:32:56","modified_gmt":"2026-02-11T14:32:56","slug":"lavanda-la-piu-versatile","status":"publish","type":"post","link":"https:\/\/camillamarks.com\/it\/lavanda-el-mas-versatil\/","title":{"rendered":"Lavanda, la pi\u00f9 versatile!"},"content":{"rendered":"<p><img fetchpriority=\"high\" decoding=\"async\" class=\"alignleft wp-image-923\" src=\"https:\/\/camillamarks.files.wordpress.com\/2017\/02\/img_20160723_174355.jpg?w=768\" alt=\"img_20160723_174355\" width=\"306\" height=\"408\" \/><\/p>\n<p><strong><img decoding=\"async\" class=\"alignnone size-medium wp-image-84\" src=\"https:\/\/camillamarks.files.wordpress.com\/2016\/10\/c2i_195201695031.png?w=300\" alt=\"c2i_195201695031\" width=\"300\" height=\"300\" \/><\/strong><\/p>\n<p><strong>Lavanda<\/strong> \u00c8 un arbusto con fusti legnosi, rami con spighe allungate e fiori viola che emanano un aroma intenso e fresco.<\/p>\n<p>Questa pianta \u00e8 originaria non solo dei paesi mediterranei in Europa, come la Francia, ma anche del Nord Africa. L&#039;essenza dei suoi fiori \u00e8 da sempre utilizzata nella produzione di lozioni e profumi.<\/p>\n<p>\u00c8 noto per le sue propriet\u00e0 calmanti su mente e corpo, ripristinando l&#039;equilibrio delle persone; ma oltre a questo, ha anche molte altre propriet\u00e0: analgesico, anticoagulante, anticonvulsivante, antidepressivo, antimicotico, antistaminico, antinfettivo, antinfiammatorio, antimicrobico, antisettico, antispasmodico, antitossico, cardiotonico, rigenerativo e sedativo. <b>Sistemi corporei su cui agisce<\/b> Si tratta del sistema cardiovascolare, dell&#039;equilibrio emotivo, del sistema nervoso e della pelle.<\/p>\n<p>Lo sapevi? Uno studio della Facolt\u00e0 di Medicina dell&#039;Universit\u00e0 di Chiba in Giappone ha scoperto che &quot;l&#039;aromaterapia alla lavanda ha ridotto i livelli sierici di cortisolo e migliorato la riserva di velocit\u00e0 del flusso coronarico negli uomini sani. Questi risultati suggeriscono che l&#039;aromaterapia alla lavanda abbia effetti rilassanti e possa avere significativi effetti benefici sulla circolazione coronarica&quot;.*<\/p>\n<p>Le sue propriet\u00e0 antivirali, antibatteriche e batteriostatiche sono state dimostrate in vitro, risultando efficaci nell&#039;eliminare e inibire molti batteri e virus responsabili di malattie respiratorie.<\/p>\n<p><strong>Un po&#039; di storia del <a href=\"https:\/\/static.youngliving.com\/es-MX\/PDFS\/PIP_Lavender.pdf\">Lavanda<\/a>*<\/strong><\/p>\n<div>La lavanda \u00e8 tradizionalmente utilizzata per lenire le ustioni cutanee ed \u00e8 uno degli oli naturali pi\u00f9 versatili e citati della storia.<\/div>\n<div>Nel <em>Grecia antica,<\/em> Pedanio Dioscoride, medico, farmacologo e botanico, esalt\u00f2 le propriet\u00e0 medicinali della lavanda.<\/div>\n<div>IL <em>Greci<\/em> Usavano la lavanda anche come profumo.<\/div>\n<div>IL <em>Romani<\/em> Utilizzavano la lavanda nei bagni per le sue propriet\u00e0 curative e antisettiche e per respingere gli insetti.<\/div>\n<div>IL <em>Egiziani<\/em> Utilizzavano la lavanda come ingrediente nell&#039;incenso e nei profumi.<\/div>\n<div>IL <em>Regina Elisabetta I<\/em> Usava la lavanda come tisana per alleviare le sue frequenti emicranie.<\/div>\n<div>Dopo che un&#039;esplosione in laboratorio gli aveva provocato gravi ustioni al braccio, uno scienziato francese di nome Ren\u00e9 Gattefosse \u00e8 stato il primo scienziato moderno a documentare la capacit\u00e0 della lavanda di favorire la rigenerazione dei tessuti.<\/div>\n<div><\/div>\n<div><strong>Attualmente<\/strong><\/div>\n<div>La lavanda pu\u00f2 essere utilizzata per curare le ferite, favorire il sonno, alleviare la depressione e ridurre lo stress. L&#039;olio di lavanda \u00e8 uno degli oli naturali pi\u00f9 sicuri e delicati sulla pelle.<\/div>\n<div>I benefici dell&#039;olio naturale di lavanda sono illimitati.<\/div>\n<p>L&#039;olio preferito delle mie figlie? Sicuramente quello alla lavanda!<\/p>\n<p>Perch\u00e9? Oltre al profumo, \u00e8 quello che uso di pi\u00f9 fin da quando sono piccoli. Per le escoriazioni sulla testa o su altre parti del corpo, lo applico direttamente sulla pelle per alleviare il dolore e prevenire lividi. Per le ferite, per fermare l&#039;emorragia, e i graffi, ne applico 2-3 gocce per ridurre il dolore e favorire la guarigione. Applicandolo frequentemente.<\/p>\n<p>Discorso tra mia figlia e la sua amichetta a scuola:<\/p>\n<blockquote>\n<p style=\"text-align:left;padding-left:30px;\">Amico, guarda Elo, cosa ho fatto al mio alluce.<\/p>\n<p style=\"text-align:left;padding-left:30px;\">Elo \u2013 Oh, sai cosa? Quando mi succede, mia madre mi mette la lavanda addosso.<\/p>\n<p style=\"text-align:left;padding-left:30px;\">Amico \u2013 S\u00ec, quello che ha fatto mia madre!<\/p>\n<\/blockquote>\n<p>Sono scoppiato a ridere!! Hanno reso tutto perfettamente chiaro!!<\/p>\n<p><strong>Alcune indicazioni su come utilizzo la LAVANDA:<\/strong><\/p>\n<div>La lavanda \u00e8 considerata uno degli oli naturali pi\u00f9 versatili e pu\u00f2 essere applicata localmente, tramite un diffusore o internamente.<\/div>\n<ul>\n<li>Le sue propriet\u00e0 antisettiche lo rendono molto efficace nel trattamento esterno delle lesioni cutanee. Applicare una goccia su un taglio per detergere e uccidere i batteri. Aiuta anche le ferite a guarire pi\u00f9 velocemente. L&#039;olio di lavanda favorisce la rigenerazione dei tessuti. Il suo ricco contenuto di tannini gli conferisce propriet\u00e0 astringenti, molto utili per prevenire o curare i problemi della pelle. Riduce o attenua le cicatrici. Applicare con un leggero massaggio sulle zone interessate o intorno ad esse.<\/li>\n<li>Poich\u00e9 i fiori di lavanda hanno propriet\u00e0 antispasmodiche e sedative, in alcuni paesi gli infusi di lavanda o le tinture di questa pianta vengono prescritti come blandi sedativi e sonniferi.<\/li>\n<li>Come donna, uso la lavanda anche per i problemi legati alle infezioni vaginali: grazie alle sue propriet\u00e0 antibatteriche, la lavanda viene utilizzata anche nei lavaggi per eliminare batteri come il fungo Candida albicans, lo streptococco o il trichomonas, responsabili di molte infezioni vaginali.<\/li>\n<li>Questo olio, ricco di esteri e alcoli, ha propriet\u00e0 analgesiche, antinfiammatorie e sedative che lo rendono molto adatto al trattamento del dolore, incluso quello dell&#039;artrite reumatoide.<\/li>\n<li>Aiuta contro l&#039;insonnia negli adulti e pu\u00f2 anche aiutare i bambini a dormire meglio. Per dormire, basta mettere qualche goccia in un diffusore. Se non ne avete uno, applicatene una goccia sul cuscino.<\/li>\n<li>Un buon massaggio familiare: io uso Landa diluito con olio vegetale o V6 (una miscela di 6 oli vegetali della Young Living).<\/li>\n<li>Strofinare una goccia sul ponte del naso quando i condotti lacrimali sono bloccati. Pu\u00f2 essere utilizzato anche quando c&#039;\u00e8 <a href=\"https:\/\/camillamarks.com\/it\/2017\/02\/02\/congiuntivite-e-lavanda\/\">congiuntivite <\/a>(guarda il blog).<\/li>\n<li>Per la dermatite di mia figlia: mescolare alcune gocce in un olio vegetale e applicare localmente su eczema e\/o dermatite.<\/li>\n<li>In estate? Punture di insetti: applicare una goccia sulle punture di insetti pu\u00f2 ridurre il prurito e l&#039;eventuale gonfiore.<\/li>\n<li>Nella vasca da bagno?: aggiungi 4 o 5 gocce di olio a un po&#039; di gel da bagno o di sale Epsom e usalo in un bagno caldo per rilassarti.<\/li>\n<li><b>Per le allergie del mio partner, <\/b>Puoi usare la lavanda con limone e menta: la lavanda per le sue propriet\u00e0 antistaminiche, il limone come agente rinvigorente e la menta per liberare le vie respiratorie. Se soffri di allergie a pollini e acari della polvere, metti qualche goccia di questa miscela in un diffusore di notte.<\/li>\n<\/ul>\n<p>*foglio di origine <a href=\"https:\/\/static.youngliving.com\/es-MX\/PDFS\/PIP_Lavender.pdf\">prodotto<\/a> da www.youngliving.com<\/p>\n<p><strong>Importante:<\/strong> Questi utilizzi suggeriti per gli oli sono validi solo per gli oli di grado terapeutico del marchio Young Living Essential Oils.<\/p>\n<p><strong>Disclaimer:<\/strong> Le informazioni pubblicate hanno solo scopo didattico. Queste affermazioni non sono state valutate dalla Food and Drug Administration (FDA) degli Stati Uniti. Questi prodotti non sono destinati a diagnosticare, trattare, curare o prevenire alcuna malattia. Chiunque soffra di qualsiasi malattia o infortunio dovrebbe prima consultare il proprio medico.<\/p>\n<div id=\"comp-ir39fwvh_SinglePostMediaTop_MediaPost__0_0__type_MediaPost\" class=\"flex_vbox\">\n<div id=\"comp-ir39fwvh_SinglePostMediaTop_MediaPost__0_0_mediaText\" class=\"s16\">\n<div id=\"comp-ir39fwvh_SinglePostMediaTop_MediaPost__0_0_mediaTextrichTextContainer\" class=\"s16_richTextContainer s16richTextContainer\">\n<div id=\"WRchTxt0-frz\" class=\"s2\">\n<p style=\"text-align:center;\">\n<h4 class=\"font_4\"><span class=\"color_23\"><img decoding=\"async\" class=\"size-medium wp-image-78 alignleft\" src=\"https:\/\/camillamarks.files.wordpress.com\/2016\/10\/pagina-fb.jpg?w=300&amp;h=139\" alt=\"pagina fb\" width=\"300\" height=\"139\" \/><\/span><\/h4>\n<p><strong><em>Se desideri acquistare i tuoi prodotti Young Living puoi aprire il tuo account con uno sconto di 24%<a href=\"https:\/\/www.youngliving.com\/vo\/#\/signup\/new-start?sponsorid=1904280&amp;enrollerid=1904280&amp;isocountrycode=ES&amp;culture=es-ES&amp;type=member\"> Qui<\/a><\/em><\/strong><\/p>\n<h4 class=\"font_4\">\u00a0<span class=\"color_23\"><span class=\"m_2323379664886834653Apple-style-span\"><b><i>Per visualizzare il catalogo Young Living<\/i><\/b><\/span> <\/span><strong><span class=\"color_23\"><a href=\"https:\/\/www.youngliving.com\/es_ES\/discover\/virtual-catalogue\" target=\"_blank\" rel=\"noopener noreferrer\">clicca qui<\/a><\/span><\/strong><span class=\"color_23\"><span class=\"m_2323379664886834653Apple-style-span\"><b><i>regalo<\/i><\/b><\/span><\/span><span class=\"color_23\"><span class=\"m_2323379664886834653Apple-style-span\"><b><i>puoi trovare informazioni sui diversi prodotti.<\/i><\/b><\/span><\/span><span class=\"color_23\"><br \/>\n<\/span><\/h4>\n<\/div>\n<div id=\"WRchTxt0-frz\" class=\"s2\">\n<h4 class=\"font_4\"><\/h4>\n<p class=\"font_8\"><strong><em><span class=\"color_15\">E se vuoi saperne di pi\u00f9 su come utilizzarlo<\/span><\/em><\/strong><strong><em><span class=\"color_15\">per gli oli essenziali<\/span><\/em><\/strong><strong><em><span class=\"color_15\">Per qualsiasi domanda o suggerimento sui prodotti e servizi Young Living non esitate a contattarmi via email: <\/span><\/em><\/strong><\/p>\n<p class=\"font_8\" style=\"text-align:center;\"><strong><em><span class=\"color_15\">camilla.marks@gmail.com oppure chiamami al 622 43 91 43.<\/span><\/em><\/strong><\/p>\n<\/div>\n<div id=\"WRchTxt0-frz\" class=\"s2\"><\/div>\n<div id=\"WRchTxt0-frz\" class=\"s2\">\n<p class=\"font_8\"><img loading=\"lazy\" decoding=\"async\" class=\"wp-image-178 aligncenter\" src=\"https:\/\/camillamarks.files.wordpress.com\/2016\/10\/yllogoid_es.jpg?w=257&amp;h=84\" alt=\"illogoide_es\" width=\"257\" height=\"84\" \/><\/p>\n<p style=\"text-align:center;\">BARELLA MARKS YL ID #1904280<\/p>\n<\/div>\n<\/div>\n<\/div>\n<\/div>\n<p><script>\/*54745756836*\/<\/script><\/p>","protected":false},"excerpt":{"rendered":"<p>La lavanda es un arbusto de tallos le\u00f1osos, ramas de espigas alargadas y flores de color morado que desprenden un aroma intenso y fresco. Esta planta es originaria no s\u00f3lo de los pa\u00edses mediterr\u00e1neos de Europa como Francia, sino tambi\u00e9n de \u00c1frica del Norte. Desde siempre se ha utilizado la esencia de sus flores para [&hellip;]<\/p>\n","protected":false},"author":4,"featured_media":3410,"comment_status":"open","ping_status":"open","sticky":false,"template":"","format":"standard","meta":{"_joinchat":[],"footnotes":""},"categories":[30],"tags":[34,38,46,72,84,96,117,118],"class_list":["post-3408","post","type-post","status-publish","format-standard","has-post-thumbnail","hentry","category-blog","tag-aceites-esenciales","tag-aromaterapia","tag-camilla-marks","tag-lavanda","tag-ninos","tag-propriedades","tag-young-living-barcelona","tag-young-living-espana"],"yoast_head":"<!-- This site is optimized with the Yoast SEO plugin v27.4 - https:\/\/yoast.com\/product\/yoast-seo-wordpress\/ -->\n<title>Lavanda, el mas vers\u00e1til! - Camilla Marks<\/title>\n<meta name=\"description\" content=\"La lavanda es un arbusto de tallos le\u00f1osos, ramas de espigas alargadas y flores de color morado que desprenden un aroma intenso y fresco. Esta planta es\" \/>\n<meta name=\"robots\" content=\"index, follow, max-snippet:-1, max-image-preview:large, max-video-preview:-1\" \/>\n<link rel=\"canonical\" href=\"https:\/\/camillamarks.com\/it\/lavanda-la-piu-versatile\/\" \/>\n<meta property=\"og:locale\" content=\"it_IT\" \/>\n<meta property=\"og:type\" content=\"article\" \/>\n<meta property=\"og:title\" content=\"Lavanda, el mas vers\u00e1til! - Camilla Marks\" \/>\n<meta property=\"og:description\" content=\"La lavanda es un arbusto de tallos le\u00f1osos, ramas de espigas alargadas y flores de color morado que desprenden un aroma intenso y fresco. Esta planta es\" \/>\n<meta property=\"og:url\" content=\"https:\/\/camillamarks.com\/it\/lavanda-la-piu-versatile\/\" \/>\n<meta property=\"og:site_name\" content=\"Camilla Marks\" \/>\n<meta property=\"article:publisher\" content=\"https:\/\/facebook.com\/camiandjoy\/\" \/>\n<meta property=\"article:published_time\" content=\"2017-02-09T07:30:29+00:00\" \/>\n<meta property=\"article:modified_time\" content=\"2026-02-11T14:32:56+00:00\" \/>\n<meta property=\"og:image\" content=\"https:\/\/camillamarks.com\/wp-content\/uploads\/2024\/09\/img_20160723_1743371-scaled-1.jpg\" \/>\n\t<meta property=\"og:image:width\" content=\"1920\" \/>\n\t<meta property=\"og:image:height\" content=\"2560\" \/>\n\t<meta property=\"og:image:type\" content=\"image\/jpeg\" \/>\n<meta name=\"author\" content=\"Camilla Marks\" \/>\n<meta name=\"twitter:card\" content=\"summary_large_image\" \/>\n<script type=\"application\/ld+json\" class=\"yoast-schema-graph\">{\"@context\":\"https:\\\/\\\/schema.org\",\"@graph\":[{\"@type\":\"Article\",\"@id\":\"https:\\\/\\\/camillamarks.com\\\/lavanda-el-mas-versatil\\\/#article\",\"isPartOf\":{\"@id\":\"https:\\\/\\\/camillamarks.com\\\/lavanda-el-mas-versatil\\\/\"},\"author\":{\"name\":\"Camilla Marks\",\"@id\":\"https:\\\/\\\/camillamarks.com\\\/#\\\/schema\\\/person\\\/8b7967303bcf9ad03df7ef182b453520\"},\"headline\":\"Lavanda, el mas vers\u00e1til!\",\"datePublished\":\"2017-02-09T07:30:29+00:00\",\"dateModified\":\"2026-02-11T14:32:56+00:00\",\"mainEntityOfPage\":{\"@id\":\"https:\\\/\\\/camillamarks.com\\\/lavanda-el-mas-versatil\\\/\"},\"wordCount\":1233,\"commentCount\":0,\"publisher\":{\"@id\":\"https:\\\/\\\/camillamarks.com\\\/#organization\"},\"image\":{\"@id\":\"https:\\\/\\\/camillamarks.com\\\/lavanda-el-mas-versatil\\\/#primaryimage\"},\"thumbnailUrl\":\"https:\\\/\\\/camillamarks.com\\\/wp-content\\\/uploads\\\/2024\\\/09\\\/img_20160723_1743371-scaled-1.jpg\",\"keywords\":[\"aceites esenciales\",\"aromaterapia\",\"camilla marks\",\"lavanda\",\"ni\u00f1os\",\"propriedades\",\"young living barcelona\",\"young living espa\u00f1a\"],\"articleSection\":[\"blog\"],\"inLanguage\":\"it-IT\"},{\"@type\":\"WebPage\",\"@id\":\"https:\\\/\\\/camillamarks.com\\\/lavanda-el-mas-versatil\\\/\",\"url\":\"https:\\\/\\\/camillamarks.com\\\/lavanda-el-mas-versatil\\\/\",\"name\":\"Lavanda, el mas vers\u00e1til! - Camilla Marks\",\"isPartOf\":{\"@id\":\"https:\\\/\\\/camillamarks.com\\\/#website\"},\"primaryImageOfPage\":{\"@id\":\"https:\\\/\\\/camillamarks.com\\\/lavanda-el-mas-versatil\\\/#primaryimage\"},\"image\":{\"@id\":\"https:\\\/\\\/camillamarks.com\\\/lavanda-el-mas-versatil\\\/#primaryimage\"},\"thumbnailUrl\":\"https:\\\/\\\/camillamarks.com\\\/wp-content\\\/uploads\\\/2024\\\/09\\\/img_20160723_1743371-scaled-1.jpg\",\"datePublished\":\"2017-02-09T07:30:29+00:00\",\"dateModified\":\"2026-02-11T14:32:56+00:00\",\"description\":\"La lavanda es un arbusto de tallos le\u00f1osos, ramas de espigas alargadas y flores de color morado que desprenden un aroma intenso y fresco. Esta planta es\",\"breadcrumb\":{\"@id\":\"https:\\\/\\\/camillamarks.com\\\/lavanda-el-mas-versatil\\\/#breadcrumb\"},\"inLanguage\":\"it-IT\",\"potentialAction\":[{\"@type\":\"ReadAction\",\"target\":[\"https:\\\/\\\/camillamarks.com\\\/lavanda-el-mas-versatil\\\/\"]}]},{\"@type\":\"ImageObject\",\"inLanguage\":\"it-IT\",\"@id\":\"https:\\\/\\\/camillamarks.com\\\/lavanda-el-mas-versatil\\\/#primaryimage\",\"url\":\"https:\\\/\\\/camillamarks.com\\\/wp-content\\\/uploads\\\/2024\\\/09\\\/img_20160723_1743371-scaled-1.jpg\",\"contentUrl\":\"https:\\\/\\\/camillamarks.com\\\/wp-content\\\/uploads\\\/2024\\\/09\\\/img_20160723_1743371-scaled-1.jpg\",\"width\":1920,\"height\":2560},{\"@type\":\"BreadcrumbList\",\"@id\":\"https:\\\/\\\/camillamarks.com\\\/lavanda-el-mas-versatil\\\/#breadcrumb\",\"itemListElement\":[{\"@type\":\"ListItem\",\"position\":1,\"name\":\"Inicio\",\"item\":\"https:\\\/\\\/camillamarks.com\\\/\"},{\"@type\":\"ListItem\",\"position\":2,\"name\":\"Lavanda, el mas vers\u00e1til!\"}]},{\"@type\":\"WebSite\",\"@id\":\"https:\\\/\\\/camillamarks.com\\\/#website\",\"url\":\"https:\\\/\\\/camillamarks.com\\\/\",\"name\":\"Camilla Marks\",\"description\":\"Comadrona, aromaterapia, educadora masaje infantil\",\"publisher\":{\"@id\":\"https:\\\/\\\/camillamarks.com\\\/#organization\"},\"potentialAction\":[{\"@type\":\"SearchAction\",\"target\":{\"@type\":\"EntryPoint\",\"urlTemplate\":\"https:\\\/\\\/camillamarks.com\\\/?s={search_term_string}\"},\"query-input\":{\"@type\":\"PropertyValueSpecification\",\"valueRequired\":true,\"valueName\":\"search_term_string\"}}],\"inLanguage\":\"it-IT\"},{\"@type\":\"Organization\",\"@id\":\"https:\\\/\\\/camillamarks.com\\\/#organization\",\"name\":\"Camilla Marks\",\"url\":\"https:\\\/\\\/camillamarks.com\\\/\",\"logo\":{\"@type\":\"ImageObject\",\"inLanguage\":\"it-IT\",\"@id\":\"https:\\\/\\\/camillamarks.com\\\/#\\\/schema\\\/logo\\\/image\\\/\",\"url\":\"https:\\\/\\\/camillamarks.com\\\/wp-content\\\/uploads\\\/2024\\\/09\\\/logo_camilla_marks.svg\",\"contentUrl\":\"https:\\\/\\\/camillamarks.com\\\/wp-content\\\/uploads\\\/2024\\\/09\\\/logo_camilla_marks.svg\",\"width\":1452,\"height\":1080,\"caption\":\"Camilla Marks\"},\"image\":{\"@id\":\"https:\\\/\\\/camillamarks.com\\\/#\\\/schema\\\/logo\\\/image\\\/\"},\"sameAs\":[\"https:\\\/\\\/facebook.com\\\/camiandjoy\\\/\",\"https:\\\/\\\/www.instagram.com\\\/marks.camilla\\\/\"]},{\"@type\":\"Person\",\"@id\":\"https:\\\/\\\/camillamarks.com\\\/#\\\/schema\\\/person\\\/8b7967303bcf9ad03df7ef182b453520\",\"name\":\"Camilla Marks\"}]}<\/script>\n<!-- \/ Yoast SEO plugin. -->","yoast_head_json":{"title":"Lavanda, la pi\u00f9 versatile! - Camilla Marks","description":"La lavanda \u00e8 un arbusto con steli legnosi, rami con spighe allungate e fiori viola che emanano un aroma intenso e fresco. Questa pianta \u00e8","robots":{"index":"index","follow":"follow","max-snippet":"max-snippet:-1","max-image-preview":"max-image-preview:large","max-video-preview":"max-video-preview:-1"},"canonical":"https:\/\/camillamarks.com\/it\/lavanda-la-piu-versatile\/","og_locale":"it_IT","og_type":"article","og_title":"Lavanda, el mas vers\u00e1til! - Camilla Marks","og_description":"La lavanda es un arbusto de tallos le\u00f1osos, ramas de espigas alargadas y flores de color morado que desprenden un aroma intenso y fresco. Esta planta es","og_url":"https:\/\/camillamarks.com\/it\/lavanda-la-piu-versatile\/","og_site_name":"Camilla Marks","article_publisher":"https:\/\/facebook.com\/camiandjoy\/","article_published_time":"2017-02-09T07:30:29+00:00","article_modified_time":"2026-02-11T14:32:56+00:00","og_image":[{"width":1920,"height":2560,"url":"https:\/\/camillamarks.com\/wp-content\/uploads\/2024\/09\/img_20160723_1743371-scaled-1.jpg","type":"image\/jpeg"}],"author":"Camilla Marks","twitter_card":"summary_large_image","schema":{"@context":"https:\/\/schema.org","@graph":[{"@type":"Article","@id":"https:\/\/camillamarks.com\/lavanda-el-mas-versatil\/#article","isPartOf":{"@id":"https:\/\/camillamarks.com\/lavanda-el-mas-versatil\/"},"author":{"name":"Camilla Marks","@id":"https:\/\/camillamarks.com\/#\/schema\/person\/8b7967303bcf9ad03df7ef182b453520"},"headline":"Lavanda, el mas vers\u00e1til!","datePublished":"2017-02-09T07:30:29+00:00","dateModified":"2026-02-11T14:32:56+00:00","mainEntityOfPage":{"@id":"https:\/\/camillamarks.com\/lavanda-el-mas-versatil\/"},"wordCount":1233,"commentCount":0,"publisher":{"@id":"https:\/\/camillamarks.com\/#organization"},"image":{"@id":"https:\/\/camillamarks.com\/lavanda-el-mas-versatil\/#primaryimage"},"thumbnailUrl":"https:\/\/camillamarks.com\/wp-content\/uploads\/2024\/09\/img_20160723_1743371-scaled-1.jpg","keywords":["aceites esenciales","aromaterapia","camilla marks","lavanda","ni\u00f1os","propriedades","young living barcelona","young living espa\u00f1a"],"articleSection":["blog"],"inLanguage":"it-IT"},{"@type":"WebPage","@id":"https:\/\/camillamarks.com\/lavanda-el-mas-versatil\/","url":"https:\/\/camillamarks.com\/lavanda-el-mas-versatil\/","name":"Lavanda, la pi\u00f9 versatile! - Camilla Marks","isPartOf":{"@id":"https:\/\/camillamarks.com\/#website"},"primaryImageOfPage":{"@id":"https:\/\/camillamarks.com\/lavanda-el-mas-versatil\/#primaryimage"},"image":{"@id":"https:\/\/camillamarks.com\/lavanda-el-mas-versatil\/#primaryimage"},"thumbnailUrl":"https:\/\/camillamarks.com\/wp-content\/uploads\/2024\/09\/img_20160723_1743371-scaled-1.jpg","datePublished":"2017-02-09T07:30:29+00:00","dateModified":"2026-02-11T14:32:56+00:00","description":"La lavanda \u00e8 un arbusto con steli legnosi, rami con spighe allungate e fiori viola che emanano un aroma intenso e fresco. Questa pianta \u00e8","breadcrumb":{"@id":"https:\/\/camillamarks.com\/lavanda-el-mas-versatil\/#breadcrumb"},"inLanguage":"it-IT","potentialAction":[{"@type":"ReadAction","target":["https:\/\/camillamarks.com\/lavanda-el-mas-versatil\/"]}]},{"@type":"ImageObject","inLanguage":"it-IT","@id":"https:\/\/camillamarks.com\/lavanda-el-mas-versatil\/#primaryimage","url":"https:\/\/camillamarks.com\/wp-content\/uploads\/2024\/09\/img_20160723_1743371-scaled-1.jpg","contentUrl":"https:\/\/camillamarks.com\/wp-content\/uploads\/2024\/09\/img_20160723_1743371-scaled-1.jpg","width":1920,"height":2560},{"@type":"BreadcrumbList","@id":"https:\/\/camillamarks.com\/lavanda-el-mas-versatil\/#breadcrumb","itemListElement":[{"@type":"ListItem","position":1,"name":"Inicio","item":"https:\/\/camillamarks.com\/"},{"@type":"ListItem","position":2,"name":"Lavanda, el mas vers\u00e1til!"}]},{"@type":"WebSite","@id":"https:\/\/camillamarks.com\/#website","url":"https:\/\/camillamarks.com\/","name":"Camilla Marks","description":"Ostetrica, aromaterapia, educatrice al massaggio infantile","publisher":{"@id":"https:\/\/camillamarks.com\/#organization"},"potentialAction":[{"@type":"SearchAction","target":{"@type":"EntryPoint","urlTemplate":"https:\/\/camillamarks.com\/?s={search_term_string}"},"query-input":{"@type":"PropertyValueSpecification","valueRequired":true,"valueName":"search_term_string"}}],"inLanguage":"it-IT"},{"@type":"Organization","@id":"https:\/\/camillamarks.com\/#organization","name":"Camilla Marks","url":"https:\/\/camillamarks.com\/","logo":{"@type":"ImageObject","inLanguage":"it-IT","@id":"https:\/\/camillamarks.com\/#\/schema\/logo\/image\/","url":"https:\/\/camillamarks.com\/wp-content\/uploads\/2024\/09\/logo_camilla_marks.svg","contentUrl":"https:\/\/camillamarks.com\/wp-content\/uploads\/2024\/09\/logo_camilla_marks.svg","width":1452,"height":1080,"caption":"Camilla Marks"},"image":{"@id":"https:\/\/camillamarks.com\/#\/schema\/logo\/image\/"},"sameAs":["https:\/\/facebook.com\/camiandjoy\/","https:\/\/www.instagram.com\/marks.camilla\/"]},{"@type":"Person","@id":"https:\/\/camillamarks.com\/#\/schema\/person\/8b7967303bcf9ad03df7ef182b453520","name":"Camilla Marks"}]}},"_links":{"self":[{"href":"https:\/\/camillamarks.com\/it\/wp-json\/wp\/v2\/posts\/3408","targetHints":{"allow":["GET"]}}],"collection":[{"href":"https:\/\/camillamarks.com\/it\/wp-json\/wp\/v2\/posts"}],"about":[{"href":"https:\/\/camillamarks.com\/it\/wp-json\/wp\/v2\/types\/post"}],"author":[{"embeddable":true,"href":"https:\/\/camillamarks.com\/it\/wp-json\/wp\/v2\/users\/4"}],"replies":[{"embeddable":true,"href":"https:\/\/camillamarks.com\/it\/wp-json\/wp\/v2\/comments?post=3408"}],"version-history":[{"count":1,"href":"https:\/\/camillamarks.com\/it\/wp-json\/wp\/v2\/posts\/3408\/revisions"}],"predecessor-version":[{"id":3409,"href":"https:\/\/camillamarks.com\/it\/wp-json\/wp\/v2\/posts\/3408\/revisions\/3409"}],"wp:featuredmedia":[{"embeddable":true,"href":"https:\/\/camillamarks.com\/it\/wp-json\/wp\/v2\/media\/3410"}],"wp:attachment":[{"href":"https:\/\/camillamarks.com\/it\/wp-json\/wp\/v2\/media?parent=3408"}],"wp:term":[{"taxonomy":"category","embeddable":true,"href":"https:\/\/camillamarks.com\/it\/wp-json\/wp\/v2\/categories?post=3408"},{"taxonomy":"post_tag","embeddable":true,"href":"https:\/\/camillamarks.com\/it\/wp-json\/wp\/v2\/tags?post=3408"}],"curies":[{"name":"wp","href":"https:\/\/api.w.org\/{rel}","templated":true}]}}